{"id":1802,"date":"2020-07-29T16:32:51","date_gmt":"2020-07-29T14:32:51","guid":{"rendered":"https:\/\/impactmemoire.com\/?p=553"},"modified":"2024-03-08T10:42:47","modified_gmt":"2024-03-08T10:42:47","slug":"oui-mais-voila-au-final-la-data-ca-fait-mal-2","status":"publish","type":"post","link":"https:\/\/impactmemoire.com\/en\/oui-mais-voila-au-final-la-data-ca-fait-mal-2\/","title":{"rendered":"&#8220;Oui mais voil\u00e0, au final, la data \u00e7a fait mal&#8221;"},"content":{"rendered":"<p>La Data, \u00e7a fait du bien.<\/p>\n\n\n\n<p>Pouvoir d&#8217;adresser sans d\u00e9perdition \u00e0 son c\u0153ur de cible, c&#8217;est v\u00e9ritablement une aubaine. Moins de pertes, des taux de retours optimis\u00e9s&#8230; Un vrai b\u00e9n\u00e9fice pour tout communiquant souhaitant dynamiser ses investissements.&nbsp;<\/p>\n\n\n\n<p><strong>Oui mais voil\u00e0, au final, la data \u00e7a fait mal<\/strong><\/p>\n\n\n\n<p>Parce que la Data enferme, elle scl\u00e9rose la communication et au final la Marque. Elle va jusqu&#8217;\u00e0 faire perdre ses convictions, visions et identit\u00e9. \u00c0 force de d\u00e9finir la communication \u00e0 coups de Test&amp;Learn et de se restreindre sur des cibles cl\u00e9s, c&#8217;est finalement les consommateurs qui fa\u00e7onnent le discours, et ce n&#8217;est plus l&#8217;annonceur. La Marque reste coinc\u00e9e entre des murs clos. Et si le r\u00e9sultat court-terme peut \u00eatre positif, il est fort peu probable que le ROI long-terme soit au rendez-vous.<\/p>\n\n\n\n<p>Fort de nos connaissances en Sciences Cognitives appliqu\u00e9es au Marketing, nous proposons de d\u00e9crire 4 th\u00e8mes susceptibles de doper l&#8217;efficacit\u00e9 p\u00e9renne de la communication, de relativiser et de valoriser la valeur de la Data.<\/p>\n\n\n\n<p>Pour toute information compl\u00e9mentaire, vous pouvez contacter :<\/p>\n\n\n\n<p>M\u00e9lanie Berger \u2013&nbsp;<a href=\"mailto:mberger@i-memoire.com\">mberger@i-memoire.com<\/a><\/p>\n\n\n\n<p>Bruno Poyet \u2013&nbsp;<a href=\"mailto:bpoyet@i-memoire.com\">bpoyet@i-memoire.com<\/a><\/p>\n\n\n\n<p><strong><a href=\"https:\/\/youtu.be\/8-WQseikGIc\" target=\"_blank\" aria-label=\"undefined (s\u2019ouvre dans un nouvel onglet)\" rel=\"noreferrer noopener\">Regarder la vid\u00e9o<\/a><\/strong><\/p>","protected":false},"excerpt":{"rendered":"<p>Intervention de Bruno Poyet \u00e0 l&#8217;IREP forum : \u00ab L\u2019EFFICACITE sans DATA : alternatives ou mutations ? \u00bb<\/p>","protected":false},"author":1,"featured_media":2150,"comment_status":"open","ping_status":"open","sticky":false,"template":"","format":"standard","meta":{"ghostkit_customizer_options":"","ghostkit_custom_css":"","ghostkit_custom_js_head":"","ghostkit_custom_js_foot":"","ghostkit_typography":"","footnotes":""},"categories":[12],"tags":[],"class_list":["post-1802","post","type-post","status-publish","format-standard","has-post-thumbnail","hentry","category-evenement"],"_links":{"self":[{"href":"https:\/\/impactmemoire.com\/en\/wp-json\/wp\/v2\/posts\/1802","targetHints":{"allow":["GET"]}}],"collection":[{"href":"https:\/\/impactmemoire.com\/en\/wp-json\/wp\/v2\/posts"}],"about":[{"href":"https:\/\/impactmemoire.com\/en\/wp-json\/wp\/v2\/types\/post"}],"author":[{"embeddable":true,"href":"https:\/\/impactmemoire.com\/en\/wp-json\/wp\/v2\/users\/1"}],"replies":[{"embeddable":true,"href":"https:\/\/impactmemoire.com\/en\/wp-json\/wp\/v2\/comments?post=1802"}],"version-history":[{"count":1,"href":"https:\/\/impactmemoire.com\/en\/wp-json\/wp\/v2\/posts\/1802\/revisions"}],"predecessor-version":[{"id":2199,"href":"https:\/\/impactmemoire.com\/en\/wp-json\/wp\/v2\/posts\/1802\/revisions\/2199"}],"wp:featuredmedia":[{"embeddable":true,"href":"https:\/\/impactmemoire.com\/en\/wp-json\/wp\/v2\/media\/2150"}],"wp:attachment":[{"href":"https:\/\/impactmemoire.com\/en\/wp-json\/wp\/v2\/media?parent=1802"}],"wp:term":[{"taxonomy":"category","embeddable":true,"href":"https:\/\/impactmemoire.com\/en\/wp-json\/wp\/v2\/categories?post=1802"},{"taxonomy":"post_tag","embeddable":true,"href":"https:\/\/impactmemoire.com\/en\/wp-json\/wp\/v2\/tags?post=1802"}],"curies":[{"name":"wp","href":"https:\/\/api.w.org\/{rel}","templated":true}]}}